{"id":989,"date":"2024-04-11T10:59:52","date_gmt":"2024-04-11T08:59:52","guid":{"rendered":"https:\/\/faow.pl\/?p=989"},"modified":"2024-05-23T14:52:19","modified_gmt":"2024-05-23T12:52:19","slug":"podsumowaniem-debat-glos-polskiej-wsi-na-europejskim-parlamencie-wiejskim","status":"publish","type":"post","link":"https:\/\/faow.pl\/?p=989","title":{"rendered":"Podsumowanie debat \u201eG\u0142os polskiej wsi na Europejskim Parlamencie Wiejskim\u201d"},"content":{"rendered":"\t\t<div data-elementor-type=\"wp-post\" data-elementor-id=\"989\" class=\"elementor elementor-989\">\n\t\t\t\t<div class=\"elementor-element elementor-element-586c417e e-flex e-con-boxed e-con e-parent\" data-id=\"586c417e\" data-element_type=\"container\">\n\t\t\t\t\t<div class=\"e-con-inner\">\n\t\t\t\t<div class=\"elementor-element elementor-element-13e753f8 elementor-widget elementor-widget-text-editor\" data-id=\"13e753f8\" data-element_type=\"widget\" data-widget_type=\"text-editor.default\">\n\t\t\t\t<div class=\"elementor-widget-container\">\n\t\t\t\t\t\t\t\t\t<h6 class=\"wp-block-columns\"><span style=\"font-weight: normal;\">\n<\/span><p><\/p><\/h6><p><span style=\"font-weight: normal;\">\n<\/span><\/p><p class=\"wp-block-columns is-layout-flow wp-block-column-is-layout-flow\"><p class=\"wp-block-column\" style=\"flex-basis:100%\"><span style=\"font-weight: normal;\">\n<\/span><p><\/p><span style=\"font-weight: normal;\">\n<\/span><p><span style=\"font-weight: normal;\">26 pa\u017adziernika 2023 r. w hotelu O3 w Warszawie odby\u0142a si\u0119 konferencja b\u0119d\u0105ca podsumowaniem debat \u201eG\u0142os polskiej wsi na Europejskim Parlamencie Wiejskim\u201d oraz udzia\u0142u w Europejskim Parlamencie Wiejskim.<br>Konferencja zosta\u0142a zorganizowana w formule hybrydowej, aby umo\u017cliwi\u0107 udzia\u0142 jak najwi\u0119kszej liczbie uczestnik\u00f3w, zapewniaj\u0105c obustronn\u0105 komunikacj\u0119, w tym udzia\u0142 w pracach grupowych.<br>Program konferencji obejmowa\u0142:<br><img decoding=\"async\" draggable=\"false\" role=\"img\" class=\"emoji\" $nbsp alt=\"\u27a1\ufe0f\" src=\"https:\/\/s.w.org\/images\/core\/emoji\/15.0.3\/svg\/27a1.svg\"> Prezentacj\u0119 cel\u00f3w i programu spotkania.<br><img decoding=\"async\" draggable=\"false\" role=\"img\" class=\"emoji\" alt=\"\u27a1\ufe0f\" src=\"https:\/\/s.w.org\/images\/core\/emoji\/15.0.3\/svg\/27a1.svg\"> Wprowadzenie do tematu: Proces Europejskiego Parlamentu Wiejskiego (EPW) i wypracowane ustalenia Moderatorzy: Jaros\u0142aw Kuba, Urszula Budzich-Tabor<br><img decoding=\"async\" draggable=\"false\" role=\"img\" class=\"emoji\" alt=\"\u27a1\ufe0f\" src=\"https:\/\/s.w.org\/images\/core\/emoji\/15.0.3\/svg\/27a1.svg\">  Co nam da\u0142 udzia\u0142 w spotkaniach zwi\u0105zanych z Europejskim Parlamentem Wiejskim2022\/2023? \u2013 Opinie uczestnik\u00f3w procesu EPW \u2013 udzia\u0142 m\u0142odych w debatach by\u0142 dla nich ciekawym do\u015bwiadczeniem, mo\u017cliwo\u015bci\u0105 wyra\u017cenia swojej opinii, poznania innej perspektywy dzia\u0142ania na obszarach wiejskich, jak r\u00f3wnie\u017c zaakcentowanie roli rolnik\u00f3w.<br><img decoding=\"async\" draggable=\"false\" role=\"img\" class=\"emoji\" alt=\"\u27a1\ufe0f\" src=\"https:\/\/s.w.org\/images\/core\/emoji\/15.0.3\/svg\/27a1.svg\">  Co si\u0119 uda\u0142o osi\u0105gn\u0105\u0107? Jakie wyzwania przed nami? Opinie ekspert\u00f3w (w\u015br\u00f3d nich: Andrzej Ha\u0142asiewicz, Witold Magry\u015b, Adam Nowak, Piotr Sad\u0142ocha) oraz dyskusja.<br><img decoding=\"async\" draggable=\"false\" role=\"img\" class=\"emoji\" alt=\"\u27a1\ufe0f\" src=\"https:\/\/s.w.org\/images\/core\/emoji\/15.0.3\/svg\/27a1.svg\">  \u201eUdzia\u0142 organizacji i spo\u0142eczno\u015bci wiejskich w kszta\u0142towaniu polityki wobec wsi i w realizacji Paktu dla Wsi\u2013tematy wymagaj\u0105ce dopracowania, pomys\u0142y na wdro\u017cenie w Polsce dobrych praktyk, do\u015bwiadczenia innych kraj\u00f3w UE i wnioski dla Polski\u201d Urszula Budzich-Tabor,  przedstawiciel Europejskiego Biura Paktu dla Wsi<br><img decoding=\"async\" draggable=\"false\" role=\"img\" class=\"emoji\" alt=\"\u27a1\ufe0f\" src=\"https:\/\/s.w.org\/images\/core\/emoji\/15.0.3\/svg\/27a1.svg\">  Tematyczne grupy robocze.  Uczestnicy wypracowali konkretne rozwi\u0105zania i propozycje dotycz\u0105ce polityki wobec wsi w nast\u0119puj\u0105cych obszarach: m\u0142odzie\u017c, wyludnianie si\u0119 wsi, kryzys przyw\u00f3dztwa i potrzeba lider\u00f3w, dost\u0119p do us\u0142ug.<br><img decoding=\"async\" draggable=\"false\" role=\"img\" class=\"emoji\" alt=\"\u27a1\ufe0f\" src=\"https:\/\/s.w.org\/images\/core\/emoji\/15.0.3\/svg\/27a1.svg\">  Propozycje na przysz\u0142o\u015b\u0107: Czego potrzebuj\u0105 spo\u0142eczno\u015bci wiejskie w Polsce? Czy potrzebny jest polski Parlament Wiejski? Dyskusja moderowana. Panel dyskusyjny z udzia\u0142em Paw\u0142a Krzeczunowicza (Krajowa Sie\u0107 Obszar\u00f3w Wiejskich) i Wojciecha Kaczmarczyka (Narodowy Instytut Wolno\u015bci) oraz ekspert\u00f3w.<br>W trakcie konferencji przedstawiono wyra\u017cone w poprzednich etapach realizacji projektu potrzeby  i oczekiwania wobec instrument\u00f3w polityki wobec wsi i obszar\u00f3w wiejskich na poziomie krajowym i europejskim oraz zach\u0119cano do zg\u0142aszania wa\u017cnych temat\u00f3w do poruszenia na kolejnym spotkaniu Europejskiego Parlamentu Wiejskiego (EPW). Dodatkowo eksperci, kt\u00f3rzy w poprzednich etapach pozyskali informacje i opinie na temat kwestii anga\u017cuj\u0105cych obecnie \u015bwiadomo\u015b\u0107 mieszka\u0144c\u00f3w wsi, przeprowadzili podsumowanie w gronie ekspert\u00f3w oraz animowali uczestnik\u00f3w konferencji do wyra\u017cenia swoich uwag podczas pracy w grupach na tematy, jakie zosta\u0142y wybrane spo\u015br\u00f3d kwestii poruszanych przez uczestnik\u00f3w poprzednich debat.<br>Najwa\u017cniejszym elementem konferencji by\u0142a aktywno\u015b\u0107 jej uczestnik\u00f3w, zar\u00f3wno b\u0119d\u0105cych fizycznie, jak i po\u0142\u0105czonych zdalnie. Z wielk\u0105 uwag\u0105 eksperci oraz organizatorzy konferencji ws\u0142uchiwali si\u0119 w g\u0142os uczestnicz\u0105cych w wydarzeniu m\u0142odych ludzi.<br>Konferencja, jako zwie\u0144czenie ca\u0142ego projektu, b\u0119dzie podstaw\u0105 do planowania przez Zarz\u0105d FAOW dalszych dzia\u0142a\u0144 wok\u00f3\u0142 polskiego Parlamentu Wiejskiego.<br>Konferencja odby\u0142a si\u0119 w ramach operacji \u201eG\u0142os polskiej wsi na Europejskim Parlamencie Wiejskim\u201d w ramach planu dzia\u0142ania Krajowej Sieci Obszar\u00f3w Wiejskich na lata 2014-2020.<\/span><\/p><span style=\"font-weight: normal;\">\n<\/span><p><\/p><span style=\"font-weight: normal;\">\n<\/span><\/p><\/p><p><span style=\"font-weight: normal;\">\n<\/span><\/p><h6 class=\"wp-block-columns\"><p><\/p><span style=\"font-weight: normal;\">\n<\/span><\/h6>\t\t\t\t\t\t\t\t<\/div>\n\t\t\t\t<\/div>\n\t\t\t\t\t<\/div>\n\t\t\t\t<\/div>\n\t\t\t\t<\/div>\n\t\t","protected":false},"excerpt":{"rendered":"<p>26 pa\u017adziernika 2023 r. w hotelu O3 w Warszawie odby\u0142a si\u0119 konferencja b\u0119d\u0105ca podsumowaniem debat \u201eG\u0142os polskiej wsi na Europejskim Parlamencie Wiejskim\u201d oraz udzia\u0142u w Europejskim Parlamencie Wiejskim.Konferencja zosta\u0142a zorganizowana w formule hybrydowej, aby umo\u017cliwi\u0107 udzia\u0142 jak najwi\u0119kszej liczbie uczestnik\u00f3w, zapewniaj\u0105c obustronn\u0105 komunikacj\u0119, w tym udzia\u0142 w pracach grupowych.Program konferencji obejmowa\u0142: Prezentacj\u0119 cel\u00f3w i programu [&hellip;]<\/p>\n","protected":false},"author":1,"featured_media":915,"comment_status":"closed","ping_status":"closed","sticky":false,"template":"","format":"standard","meta":{"om_disable_all_campaigns":false,"_monsterinsights_skip_tracking":false,"_monsterinsights_sitenote_active":false,"_monsterinsights_sitenote_note":"","_monsterinsights_sitenote_category":0,"ocean_post_layout":"","ocean_both_sidebars_style":"","ocean_both_sidebars_content_width":0,"ocean_both_sidebars_sidebars_width":0,"ocean_sidebar":"0","ocean_second_sidebar":"0","ocean_disable_margins":"enable","ocean_add_body_class":"","ocean_shortcode_before_top_bar":"","ocean_shortcode_after_top_bar":"","ocean_shortcode_before_header":"","ocean_shortcode_after_header":"","ocean_has_shortcode":"","ocean_shortcode_after_title":"","ocean_shortcode_before_footer_widgets":"","ocean_shortcode_after_footer_widgets":"","ocean_shortcode_before_footer_bottom":"","ocean_shortcode_after_footer_bottom":"","ocean_display_top_bar":"default","ocean_display_header":"default","ocean_header_style":"","ocean_center_header_left_menu":"0","ocean_custom_header_template":"0","ocean_custom_logo":0,"ocean_custom_retina_logo":0,"ocean_custom_logo_max_width":0,"ocean_custom_logo_tablet_max_width":0,"ocean_custom_logo_mobile_max_width":0,"ocean_custom_logo_max_height":0,"ocean_custom_logo_tablet_max_height":0,"ocean_custom_logo_mobile_max_height":0,"ocean_header_custom_menu":"0","ocean_menu_typo_font_family":"0","ocean_menu_typo_font_subset":"","ocean_menu_typo_font_size":0,"ocean_menu_typo_font_size_tablet":0,"ocean_menu_typo_font_size_mobile":0,"ocean_menu_typo_font_size_unit":"px","ocean_menu_typo_font_weight":"","ocean_menu_typo_font_weight_tablet":"","ocean_menu_typo_font_weight_mobile":"","ocean_menu_typo_transform":"","ocean_menu_typo_transform_tablet":"","ocean_menu_typo_transform_mobile":"","ocean_menu_typo_line_height":0,"ocean_menu_typo_line_height_tablet":0,"ocean_menu_typo_line_height_mobile":0,"ocean_menu_typo_line_height_unit":"","ocean_menu_typo_spacing":0,"ocean_menu_typo_spacing_tablet":0,"ocean_menu_typo_spacing_mobile":0,"ocean_menu_typo_spacing_unit":"","ocean_menu_link_color":"","ocean_menu_link_color_hover":"","ocean_menu_link_color_active":"","ocean_menu_link_background":"","ocean_menu_link_hover_background":"","ocean_menu_link_active_background":"","ocean_menu_social_links_bg":"","ocean_menu_social_hover_links_bg":"","ocean_menu_social_links_color":"","ocean_menu_social_hover_links_color":"","ocean_disable_title":"default","ocean_disable_heading":"default","ocean_post_title":"","ocean_post_subheading":"","ocean_post_title_style":"","ocean_post_title_background_color":"","ocean_post_title_background":0,"ocean_post_title_bg_image_position":"","ocean_post_title_bg_image_attachment":"","ocean_post_title_bg_image_repeat":"","ocean_post_title_bg_image_size":"","ocean_post_title_height":0,"ocean_post_title_bg_overlay":0.5,"ocean_post_title_bg_overlay_color":"","ocean_disable_breadcrumbs":"default","ocean_breadcrumbs_color":"","ocean_breadcrumbs_separator_color":"","ocean_breadcrumbs_links_color":"","ocean_breadcrumbs_links_hover_color":"","ocean_display_footer_widgets":"default","ocean_display_footer_bottom":"default","ocean_custom_footer_template":"0","ocean_post_oembed":"","ocean_post_self_hosted_media":"","ocean_post_video_embed":"","ocean_link_format":"","ocean_link_format_target":"self","ocean_quote_format":"","ocean_quote_format_link":"post","ocean_gallery_link_images":"on","ocean_gallery_id":[],"footnotes":""},"categories":[29],"tags":[],"class_list":["post-989","post","type-post","status-publish","format-standard","has-post-thumbnail","hentry","category-projekty","entry","has-media"],"aioseo_notices":[],"_links":{"self":[{"href":"https:\/\/faow.pl\/index.php?rest_route=\/wp\/v2\/posts\/989","targetHints":{"allow":["GET"]}}],"collection":[{"href":"https:\/\/faow.pl\/index.php?rest_route=\/wp\/v2\/posts"}],"about":[{"href":"https:\/\/faow.pl\/index.php?rest_route=\/wp\/v2\/types\/post"}],"author":[{"embeddable":true,"href":"https:\/\/faow.pl\/index.php?rest_route=\/wp\/v2\/users\/1"}],"replies":[{"embeddable":true,"href":"https:\/\/faow.pl\/index.php?rest_route=%2Fwp%2Fv2%2Fcomments&post=989"}],"version-history":[{"count":11,"href":"https:\/\/faow.pl\/index.php?rest_route=\/wp\/v2\/posts\/989\/revisions"}],"predecessor-version":[{"id":1817,"href":"https:\/\/faow.pl\/index.php?rest_route=\/wp\/v2\/posts\/989\/revisions\/1817"}],"wp:featuredmedia":[{"embeddable":true,"href":"https:\/\/faow.pl\/index.php?rest_route=\/wp\/v2\/media\/915"}],"wp:attachment":[{"href":"https:\/\/faow.pl\/index.php?rest_route=%2Fwp%2Fv2%2Fmedia&parent=989"}],"wp:term":[{"taxonomy":"category","embeddable":true,"href":"https:\/\/faow.pl\/index.php?rest_route=%2Fwp%2Fv2%2Fcategories&post=989"},{"taxonomy":"post_tag","embeddable":true,"href":"https:\/\/faow.pl\/index.php?rest_route=%2Fwp%2Fv2%2Ftags&post=989"}],"curies":[{"name":"wp","href":"https:\/\/api.w.org\/{rel}","templated":true}]}}