{"id":1957,"date":"2024-05-28T14:52:54","date_gmt":"2024-05-28T12:52:54","guid":{"rendered":"https:\/\/faow.pl\/?p=1957"},"modified":"2024-06-03T14:04:24","modified_gmt":"2024-06-03T12:04:24","slug":"1957","status":"publish","type":"post","link":"https:\/\/faow.pl\/?p=1957","title":{"rendered":"Zaproszenie na Zwyczajne Walne Zebranie"},"content":{"rendered":"\t\t<div data-elementor-type=\"wp-post\" data-elementor-id=\"1957\" class=\"elementor elementor-1957\">\n\t\t\t\t<div class=\"elementor-element elementor-element-6e744dee e-flex e-con-boxed e-con e-parent\" data-id=\"6e744dee\" data-element_type=\"container\">\n\t\t\t\t\t<div class=\"e-con-inner\">\n\t\t\t\t<div class=\"elementor-element elementor-element-21930f81 elementor-widget elementor-widget-text-editor\" data-id=\"21930f81\" data-element_type=\"widget\" data-widget_type=\"text-editor.default\">\n\t\t\t\t<div class=\"elementor-widget-container\">\n\t\t\t\t\t\t\t\t\t<img decoding=\"async\" src=\"http:\/\/faow.pl\/wp-content\/uploads\/2024\/04\/logo-uai-258x78-1.png\" alt=\"\" width=\"258\" height=\"78\" class=\"alignnone size-full wp-image-1098\" \/>\n<strong> <\/p>\n\n\t\t\t\t\t\t\t\t<\/div>\n\t\t\t\t<\/div>\n\t\t\t\t\t<\/div>\n\t\t\t\t<\/div>\n\t\t<div class=\"elementor-element elementor-element-0bca952 e-flex e-con-boxed e-con e-parent\" data-id=\"0bca952\" data-element_type=\"container\">\n\t\t\t\t\t<div class=\"e-con-inner\">\n\t\t\t\t<div class=\"elementor-element elementor-element-affa3f4 elementor-widget elementor-widget-text-editor\" data-id=\"affa3f4\" data-element_type=\"widget\" data-widget_type=\"text-editor.default\">\n\t\t\t\t<div class=\"elementor-widget-container\">\n\t\t\t\t\t\t\t\t\t<strong>Zaproszenie na Zwyczajne Walne Zebranie\nCz\u0142onk\u00f3w Forum Aktywizacji Obszar\u00f3w Wiejskich<\/strong><\/p> <\/p>\n\n\n<strong>Data:<\/strong> <\/p>18 czerwca 2024 r., godz. 18:00<\/p>\n<strong>Miejsce:<\/strong>  <\/p>\nHotel Nosalowy Dw\u00f3r Resort &#038; SPA &#8211; Zakopane,  Droga Oswalda Balzera 21D, 34-500 Zakopane <\/p>\n<strong>Kontakt:<\/strong><\/p>  tel. 512 251 570, e-mail: biuro@faow.pl<\/p>\n\n\t\t\t\t\t\t\t\t<\/div>\n\t\t\t\t<\/div>\n\t\t\t\t\t<\/div>\n\t\t\t\t<\/div>\n\t\t<div class=\"elementor-element elementor-element-b9265b9 e-flex e-con-boxed e-con e-parent\" data-id=\"b9265b9\" data-element_type=\"container\">\n\t\t\t\t\t<div class=\"e-con-inner\">\n\t\t\t\t<div class=\"elementor-element elementor-element-ad05666 elementor-widget elementor-widget-text-editor\" data-id=\"ad05666\" data-element_type=\"widget\" data-widget_type=\"text-editor.default\">\n\t\t\t\t<div class=\"elementor-widget-container\">\n\t\t\t\t\t\t\t\t\tSzanowne Kole\u017canki i Szanowni Koledzy,<\/p> \nNa podstawie \u00a7 16 Statutu Zwi\u0105zku Stowarzysze\u0144 \u201eForum Aktywizacji Obszar\u00f3w Wiejskich\u201d Zarz\u0105d na posiedzeniu w dniu 15 kwietnia 2023 r. podj\u0105\u0142 uchwa\u0142\u0119 w sprawie zwo\u0142ania Zwyczajnego Walnego Zebrania Cz\u0142onk\u00f3w Stowarzyszenia. Zebranie odb\u0119dzie si\u0119 w dniu 18.06.2024 r. o godz. 18.00 w Hotelu Nosalowy Dw\u00f3r Resort &#038; SPA (podczas  og\u00f3lnopolskiej konferencji LEADER: osi\u0105gni\u0119cia, wyzwania i mo\u017cliwo\u015bci 18-20 czerwca 2024 r.). <\/p> \n\nPorz\u0105dek posiedzenia:<\/p>\n1. Otwarcie obrad. Powitanie cz\u0142onk\u00f3w.<\/p>\n2. Przyj\u0119cie porz\u0105dku obrad.<\/p>\n3. Wyb\u00f3r Przewodnicz\u0105cego i Sekretarza zebrania.<\/p>\n4. Wyb\u00f3r Komisji Uchwa\u0142 i Wniosk\u00f3w.<\/p>\n5. Wyb\u00f3r Komisji Skrutacyjnej.<\/p>\n6. Sprawozdanie merytoryczne Zarz\u0105du za 2023 rok.<\/p>\n7. Sprawozdanie finansowe Zarz\u0105du za 2023 rok.<\/p>\n8. Sprawozdanie Komisji Rewizyjnej za 2023 rok.<\/p>\n9. Przedstawienie planu pracy na kolejny rok.\n10. Dyskusja.<\/p>\n11. Sprawozdanie Komisji Uchwa\u0142 i Wniosk\u00f3w i podj\u0119cie uchwa\u0142.<\/p>\n12. Dyskusja nad sprawami wa\u017cnymi dla przysz\u0142o\u015bci FAOW i organizacji wiejskich.<\/p>\n13. Zako\u0144czenie Zebrania Walnego. <\/p>\nWalne Zebranie jest najwy\u017csz\u0105 w\u0142adz\u0105 Zwi\u0105zku Stowarzysze\u0144. Serdecznie zapraszamy wszystkich cz\u0142onk\u00f3w FAOW! Zach\u0119camy te\u017c do wcze\u015bniejszego przekazywania uwag do porz\u0105dku obrad oraz zg\u0142aszania kwestii do poruszenia w ramach dyskusji.<\/p>\n\nW przypadku braku obecno\u015bci co najmniej po\u0142owy og\u00f3lnej liczby cz\u0142onk\u00f3w w wy\u017cej podanym terminie zebranie odb\u0119dzie w tym samym dniu i miejscu o godz. 18:30 bez wzgl\u0119du na liczb\u0119 uczestnik\u00f3w. <\/p>\n\nBardzo prosz\u0119 o zg\u0142oszenie obecno\u015bci\/nieobecno\u015bci za pomoc\u0105 formularza dost\u0119pnego pod linkiem: <strong><a href=\"https:\/\/forms.gle\/FMvBySLkVYxtbpog6\"><\/a><\/strong>  w terminie do 10 czerwca 2024 r.\nW razie pyta\u0144 zapraszam do kontaktu z Sekretarzem Zarz\u0105du (biuro@faow.pl; tel. 512 251 570). <\/p> <\/p>\n\nZ kole\u017ce\u0144skim pozdrowieniem,<\/p>\n\n<strong>Jaros\u0142aw Kuba <\/p>\nPrezes Zarz\u0105du FAOW<\/p><\/strong><em> \n\t\t\t\t\t\t\t\t<\/div>\n\t\t\t\t<\/div>\n\t\t\t\t\t<\/div>\n\t\t\t\t<\/div>\n\t\t<div class=\"elementor-element elementor-element-d9b2907 e-flex e-con-boxed e-con e-parent\" data-id=\"d9b2907\" data-element_type=\"container\">\n\t\t\t\t\t<div class=\"e-con-inner\">\n\t\t\t\t<div class=\"elementor-element elementor-element-1ce4627 elementor-widget elementor-widget-spacer\" data-id=\"1ce4627\" data-element_type=\"widget\" data-widget_type=\"spacer.default\">\n\t\t\t\t<div class=\"elementor-widget-container\">\n\t\t\t\t\t\t\t<div class=\"elementor-spacer\">\n\t\t\t<div class=\"elementor-spacer-inner\"><\/div>\n\t\t<\/div>\n\t\t\t\t\t\t<\/div>\n\t\t\t\t<\/div>\n\t\t\t\t\t<\/div>\n\t\t\t\t<\/div>\n\t\t<div class=\"elementor-element elementor-element-b377200 e-flex e-con-boxed e-con e-parent\" data-id=\"b377200\" data-element_type=\"container\">\n\t\t\t\t\t<div class=\"e-con-inner\">\n\t\t\t\t<div class=\"elementor-element elementor-element-93f0fd3 elementor-widget elementor-widget-text-editor\" data-id=\"93f0fd3\" data-element_type=\"widget\" data-widget_type=\"text-editor.default\">\n\t\t\t\t<div class=\"elementor-widget-container\">\n\t\t\t\t\t\t\t\t\t\n<\/p> <\/p>\nReprezentowanie organizacji cz\u0142onkowskiej na Walnym Zebraniu\nJe\u015bli upowa\u017cniony\/a reprezentant\/ka organizacji cz\u0142onkowskiej nie mo\u017ce uczestniczy\u0107 w Walnym Zebraniu, prosimy o przes\u0142anie nam skanu upowa\u017cnienia do reprezentowania Pa\u0144stwa organizacji na Walnym Zebraniu przez inn\u0105 osob\u0119, orygina\u0142 tego dokumentu prosimy przes\u0142a\u0107 na adres ul. Nowy \u015awiat 34 lok. 6, 00-363 Warszawa (listem priorytetowym).\nJe\u015bli zmieni\u0142\/a si\u0119 u Pa\u0144stwa reprezentant\/ka organizacji, prosimy o wys\u0142anie skanu oficjalnego pisma \u2013 uchwa\u0142y Zarz\u0105du o zmianie przedstawiciela, a orygina\u0142 tego dokumentu prosimy przes\u0142a\u0107 na adres: ul. Nowy \u015awiat 34 lok. 6, 00-363 Warszawa.<\/p>\nProsimy o przes\u0142anie takiej informacji wraz ze skanem upowa\u017cnienia na adres: biuro@faow.pl.<\/p>\nW przypadku, je\u015bli nikt z Pa\u0144stwa organizacji nie mo\u017ce wzi\u0105\u0107 udzia\u0142 w Walnym, istnieje mo\u017cliwo\u015b\u0107 upowa\u017cnienia do g\u0142osowania przedstawiciela innej organizacji, kt\u00f3ry b\u0119dzie obecny. W takim przypadku prosimy o przes\u0142anie nam skanu dokumentu wskazuj\u0105cego, kto b\u0119dzie Was reprezentowa\u0142 na najbli\u017cszym Walnym Zebraniu. UWAGA: jedna osoba mo\u017ce dysponowa\u0107 maksymalnie dwoma upowa\u017cnieniami (nie licz\u0105c organizacji macierzystej).<\/p>\n\n\t\t\t\t\t\t\t\t<\/div>\n\t\t\t\t<\/div>\n\t\t\t\t\t<\/div>\n\t\t\t\t<\/div>\n\t\t<div class=\"elementor-element elementor-element-fb6353f e-flex e-con-boxed e-con e-parent\" data-id=\"fb6353f\" data-element_type=\"container\">\n\t\t\t\t\t<div class=\"e-con-inner\">\n\t\t\t\t<div class=\"elementor-element elementor-element-78f0e65 elementor-widget-divider--view-line elementor-widget elementor-widget-divider\" data-id=\"78f0e65\" data-element_type=\"widget\" data-widget_type=\"divider.default\">\n\t\t\t\t<div class=\"elementor-widget-container\">\n\t\t\t\t\t\t\t<div class=\"elementor-divider\">\n\t\t\t<span class=\"elementor-divider-separator\">\n\t\t\t\t\t\t<\/span>\n\t\t<\/div>\n\t\t\t\t\t\t<\/div>\n\t\t\t\t<\/div>\n\t\t\t\t\t<\/div>\n\t\t\t\t<\/div>\n\t\t<div class=\"elementor-element elementor-element-e4039eb e-flex e-con-boxed e-con e-parent\" data-id=\"e4039eb\" data-element_type=\"container\">\n\t\t\t\t\t<div class=\"e-con-inner\">\n\t\t\t\t<div class=\"elementor-element elementor-element-e93ceb5 elementor-widget elementor-widget-text-editor\" data-id=\"e93ceb5\" data-element_type=\"widget\" data-widget_type=\"text-editor.default\">\n\t\t\t\t<div class=\"elementor-widget-container\">\n\t\t\t\t\t\t\t\t\t<strong>Zgody<\/strong><\/p>\nPodanie danych osobowych jest dobrowolne, jednak brak zgody uniemo\u017cliwia przyj\u0119cie zg\u0142oszenia do udzia\u0142u w spotkaniu. Prosimy o zapoznanie si\u0119 z zasadami przetwarzania danych osobowych w zwi\u0105zku z udzia\u0142em w Walnym Zebraniu Cz\u0142onk\u00f3w, kt\u00f3re znajduje si\u0119 poni\u017cej.<\/p>\nPodczas wydarzenia b\u0119dziemy rejestrowa\u0107 jego przebieg w celu dokumentacji wydarzenia lub naszej promocji. Uczestnictwo w wydarzeniu jest r\u00f3wnoznaczne z wyra\u017ceniem przez Ciebie zgody na utrwalanie, wykorzystanie i rozpowszechnianie przez nas Twojego wizerunku\/g\u0142osu\/wypowiedzi w materia\u0142ach promocyjnych. Je\u017celi nie wyra\u017casz na to zgody, prosimy o zg\u0142oszenie nam tego poprzez wskazanie odpowiedniej odpowiedzi poni\u017cej.<\/p>\n1. Administratorem danych osobowych jest Forum Aktywizacji Obszar\u00f3w Wiejskich(dalej: \u201eADMINISTRATOR\u201d), z siedzib\u0105: ul. Nowy \u015awiat 34 lok.6, 00-363 Warszawa. Z Administratorem mo\u017cna si\u0119 kontaktowa\u0107 pisemnie, za pomoc\u0105 poczty tradycyjnej na adres: ul. Nowy \u015awiat 34 lok. 6, 00-363 Warszawa lub drog\u0105 e-mailow\u0105 pod adresem: biuro@faow.pl.<\/p>\n2. Dane osobowe s\u0105 przetwarzane na podstawie Rozporz\u0105dzenia Parlamentu Europejskiego i Rady (UE) 2016\/679 z dnia 27 kwietnia 2016 r. w sprawie ochrony os\u00f3b fizycznych w zwi\u0105zku z przetwarzaniem danych osobowych i w sprawie swobodnego przep\u0142ywu takich danych oraz uchylenia dyrektywy 95\/46\/WE (og\u00f3lne rozporz\u0105dzenie o ochronie danych) oraz ustawy z dnia 7 kwietnia 1989 r. Prawo o stowarzyszeniach.<\/p>\n4. Przetwarzanie danych osobowych odbywa si\u0119 w celu zwo\u0142ania Walnego Zebrania Cz\u0142onk\u00f3w, zgodnie z postanowieniami statutu oraz zapewnienia mo\u017cliwo\u015bci wykonywania obowi\u0105zk\u00f3w wynikaj\u0105cych z bycia reprezentantem na Walnym Zebraniu Cz\u0142onk\u00f3w\u2013 art. 6 ust. 1 lit. b RODO,<\/p>\n5.Dane osobowe nie pochodz\u0105 od stron trzecich.<\/p>\n6. Administrator nie zamierza przekazywa\u0107 danych do pa\u0144stwa trzeciego lub organizacji mi\u0119dzynarodowej.<\/p>\n7. Administrator b\u0119dzie przekazywa\u0142 dane osobowe innym podmiotom, tylko na podstawie przepis\u00f3w prawa oraz zawartych um\u00f3w powierzenia przetwarzania danych osobowych.<\/p>\n8. Dane osobowe b\u0119d\u0105 przechowywane przez okres niezb\u0119dny do realizacji celu w jakim dane zebrano, nast\u0119pnie zgodnie z przepisami dotycz\u0105cymi archiwizacji.<\/p>\n9. Osoba, kt\u00f3rej dane dotycz\u0105 ma prawo do \u017c\u0105dania od Administratora dost\u0119pu do danych osobowych, ich sprostowania, usuni\u0119cia lub ograniczenia przetwarzania oraz o prawo do wniesienia sprzeciwu wobec przetwarzania, a tak\u017ce prawo do przenoszenia danych.<\/p>\n10. Skarg\u0119 na dzia\u0142ania Administratora mo\u017cna wnie\u015b\u0107 do Prezesa Urz\u0119du Ochrony Danych Osobowych.<\/p>\n11. Podanie danych osobowych jest konieczne, aby m\u00f3c wzi\u0105\u0107 udzia\u0142 w Walnym Zebraniu Cz\u0142onk\u00f3w jako reprezentant.<\/p>\n12. Administrator nie przewiduje zautomatyzowanego podejmowania decyzji.<\/p>\n\n\t\t\t\t\t\t\t\t<\/div>\n\t\t\t\t<\/div>\n\t\t\t\t\t<\/div>\n\t\t\t\t<\/div>\n\t\t<div class=\"elementor-element elementor-element-78abbf8 e-flex e-con-boxed e-con e-parent\" data-id=\"78abbf8\" data-element_type=\"container\">\n\t\t\t\t\t<div class=\"e-con-inner\">\n\t\t\t\t<div class=\"elementor-element elementor-element-e9aa262 elementor-widget-divider--view-line elementor-widget elementor-widget-divider\" data-id=\"e9aa262\" data-element_type=\"widget\" data-widget_type=\"divider.default\">\n\t\t\t\t<div class=\"elementor-widget-container\">\n\t\t\t\t\t\t\t<div class=\"elementor-divider\">\n\t\t\t<span class=\"elementor-divider-separator\">\n\t\t\t\t\t\t<\/span>\n\t\t<\/div>\n\t\t\t\t\t\t<\/div>\n\t\t\t\t<\/div>\n\t\t\t\t\t<\/div>\n\t\t\t\t<\/div>\n\t\t<div class=\"elementor-element elementor-element-fd4f69f e-flex e-con-boxed e-con e-parent\" data-id=\"fd4f69f\" data-element_type=\"container\">\n\t\t\t\t\t<div class=\"e-con-inner\">\n\t\t\t\t<div class=\"elementor-element elementor-element-96d5334 elementor-widget elementor-widget-text-editor\" data-id=\"96d5334\" data-element_type=\"widget\" data-widget_type=\"text-editor.default\">\n\t\t\t\t<div class=\"elementor-widget-container\">\n\t\t\t\t\t\t\t\t\t<a href=\"http:\/\/faow.pl\/wp-content\/uploads\/2024\/05\/Zaproszenie-na-Zwyczajne-Walne-Zebranie-2024.pdf\">Zaproszenie na Zwyczajne Walne Zebranie 2024<\/a>\t\t\t\t\t\t\t\t<\/div>\n\t\t\t\t<\/div>\n\t\t\t\t\t<\/div>\n\t\t\t\t<\/div>\n\t\t\t\t<\/div>\n\t\t","protected":false},"excerpt":{"rendered":"<p>Zaproszenie na Zwyczajne Walne Zebranie Cz\u0142onk\u00f3w Forum Aktywizacji Obszar\u00f3w Wiejskich Data: 18 czerwca 2024 r., godz. 18:00 Miejsce: Hotel Nosalowy Dw\u00f3r Resort &#038; SPA &#8211; Zakopane, Droga Oswalda Balzera 21D, 34-500 Zakopane Kontakt: tel. 512 251 570, e-mail: biuro@faow.pl Szanowne Kole\u017canki i Szanowni Koledzy, Na podstawie \u00a7 16 Statutu Zwi\u0105zku Stowarzysze\u0144 \u201eForum Aktywizacji Obszar\u00f3w Wiejskich\u201d [&hellip;]<\/p>\n","protected":false},"author":1,"featured_media":0,"comment_status":"open","ping_status":"open","sticky":false,"template":"","format":"standard","meta":{"om_disable_all_campaigns":false,"_monsterinsights_skip_tracking":false,"_monsterinsights_sitenote_active":false,"_monsterinsights_sitenote_note":"","_monsterinsights_sitenote_category":0,"ocean_post_layout":"","ocean_both_sidebars_style":"","ocean_both_sidebars_content_width":0,"ocean_both_sidebars_sidebars_width":0,"ocean_sidebar":"0","ocean_second_sidebar":"0","ocean_disable_margins":"enable","ocean_add_body_class":"","ocean_shortcode_before_top_bar":"","ocean_shortcode_after_top_bar":"","ocean_shortcode_before_header":"","ocean_shortcode_after_header":"","ocean_has_shortcode":"","ocean_shortcode_after_title":"","ocean_shortcode_before_footer_widgets":"","ocean_shortcode_after_footer_widgets":"","ocean_shortcode_before_footer_bottom":"","ocean_shortcode_after_footer_bottom":"","ocean_display_top_bar":"default","ocean_display_header":"default","ocean_header_style":"","ocean_center_header_left_menu":"0","ocean_custom_header_template":"0","ocean_custom_logo":0,"ocean_custom_retina_logo":0,"ocean_custom_logo_max_width":0,"ocean_custom_logo_tablet_max_width":0,"ocean_custom_logo_mobile_max_width":0,"ocean_custom_logo_max_height":0,"ocean_custom_logo_tablet_max_height":0,"ocean_custom_logo_mobile_max_height":0,"ocean_header_custom_menu":"0","ocean_menu_typo_font_family":"0","ocean_menu_typo_font_subset":"","ocean_menu_typo_font_size":0,"ocean_menu_typo_font_size_tablet":0,"ocean_menu_typo_font_size_mobile":0,"ocean_menu_typo_font_size_unit":"px","ocean_menu_typo_font_weight":"","ocean_menu_typo_font_weight_tablet":"","ocean_menu_typo_font_weight_mobile":"","ocean_menu_typo_transform":"","ocean_menu_typo_transform_tablet":"","ocean_menu_typo_transform_mobile":"","ocean_menu_typo_line_height":0,"ocean_menu_typo_line_height_tablet":0,"ocean_menu_typo_line_height_mobile":0,"ocean_menu_typo_line_height_unit":"","ocean_menu_typo_spacing":0,"ocean_menu_typo_spacing_tablet":0,"ocean_menu_typo_spacing_mobile":0,"ocean_menu_typo_spacing_unit":"","ocean_menu_link_color":"","ocean_menu_link_color_hover":"","ocean_menu_link_color_active":"","ocean_menu_link_background":"","ocean_menu_link_hover_background":"","ocean_menu_link_active_background":"","ocean_menu_social_links_bg":"","ocean_menu_social_hover_links_bg":"","ocean_menu_social_links_color":"","ocean_menu_social_hover_links_color":"","ocean_disable_title":"default","ocean_disable_heading":"default","ocean_post_title":"","ocean_post_subheading":"","ocean_post_title_style":"","ocean_post_title_background_color":"","ocean_post_title_background":0,"ocean_post_title_bg_image_position":"","ocean_post_title_bg_image_attachment":"","ocean_post_title_bg_image_repeat":"","ocean_post_title_bg_image_size":"","ocean_post_title_height":0,"ocean_post_title_bg_overlay":0.5,"ocean_post_title_bg_overlay_color":"","ocean_disable_breadcrumbs":"default","ocean_breadcrumbs_color":"","ocean_breadcrumbs_separator_color":"","ocean_breadcrumbs_links_color":"","ocean_breadcrumbs_links_hover_color":"","ocean_display_footer_widgets":"default","ocean_display_footer_bottom":"default","ocean_custom_footer_template":"0","ocean_post_oembed":"","ocean_post_self_hosted_media":"","ocean_post_video_embed":"","ocean_link_format":"","ocean_link_format_target":"self","ocean_quote_format":"","ocean_quote_format_link":"post","ocean_gallery_link_images":"on","ocean_gallery_id":[],"footnotes":""},"categories":[33],"tags":[],"class_list":["post-1957","post","type-post","status-publish","format-standard","hentry","category-aktualnosci","entry"],"aioseo_notices":[],"_links":{"self":[{"href":"https:\/\/faow.pl\/index.php?rest_route=\/wp\/v2\/posts\/1957","targetHints":{"allow":["GET"]}}],"collection":[{"href":"https:\/\/faow.pl\/index.php?rest_route=\/wp\/v2\/posts"}],"about":[{"href":"https:\/\/faow.pl\/index.php?rest_route=\/wp\/v2\/types\/post"}],"author":[{"embeddable":true,"href":"https:\/\/faow.pl\/index.php?rest_route=\/wp\/v2\/users\/1"}],"replies":[{"embeddable":true,"href":"https:\/\/faow.pl\/index.php?rest_route=%2Fwp%2Fv2%2Fcomments&post=1957"}],"version-history":[{"count":28,"href":"https:\/\/faow.pl\/index.php?rest_route=\/wp\/v2\/posts\/1957\/revisions"}],"predecessor-version":[{"id":2018,"href":"https:\/\/faow.pl\/index.php?rest_route=\/wp\/v2\/posts\/1957\/revisions\/2018"}],"wp:attachment":[{"href":"https:\/\/faow.pl\/index.php?rest_route=%2Fwp%2Fv2%2Fmedia&parent=1957"}],"wp:term":[{"taxonomy":"category","embeddable":true,"href":"https:\/\/faow.pl\/index.php?rest_route=%2Fwp%2Fv2%2Fcategories&post=1957"},{"taxonomy":"post_tag","embeddable":true,"href":"https:\/\/faow.pl\/index.php?rest_route=%2Fwp%2Fv2%2Ftags&post=1957"}],"curies":[{"name":"wp","href":"https:\/\/api.w.org\/{rel}","templated":true}]}}