{"id":1503,"date":"2024-04-24T13:18:53","date_gmt":"2024-04-24T11:18:53","guid":{"rendered":"https:\/\/faow.pl\/?p=1503"},"modified":"2024-09-12T13:28:26","modified_gmt":"2024-09-12T11:28:26","slug":"laczy-nas-edukacja-2","status":"publish","type":"post","link":"https:\/\/faow.pl\/?p=1503","title":{"rendered":"\u0141\u0104CZY NAS EDUKACJA"},"content":{"rendered":"\t\t<div data-elementor-type=\"wp-post\" data-elementor-id=\"1503\" class=\"elementor elementor-1503\">\n\t\t\t\t<div class=\"elementor-element elementor-element-5acc985 e-flex e-con-boxed e-con e-parent\" data-id=\"5acc985\" data-element_type=\"container\">\n\t\t\t\t\t<div class=\"e-con-inner\">\n\t\t\t\t<div class=\"elementor-element elementor-element-c0ed453 elementor-widget elementor-widget-text-editor\" data-id=\"c0ed453\" data-element_type=\"widget\" data-widget_type=\"text-editor.default\">\n\t\t\t\t<div class=\"elementor-widget-container\">\n\t\t\t\t\t\t\t\t\t<img fetchpriority=\"high\" decoding=\"async\" src=\"http:\/\/faow.pl\/wp-content\/uploads\/2024\/09\/LACZY-NAS-EDUKACJA-1-1024x202.png\" alt=\"\" width=\"1024\" height=\"202\" class=\"alignnone size-large wp-image-2100\" srcset=\"https:\/\/faow.pl\/wp-content\/uploads\/2024\/09\/LACZY-NAS-EDUKACJA-1-1024x202.png 1024w, https:\/\/faow.pl\/wp-content\/uploads\/2024\/09\/LACZY-NAS-EDUKACJA-1-300x59.png 300w, https:\/\/faow.pl\/wp-content\/uploads\/2024\/09\/LACZY-NAS-EDUKACJA-1-768x152.png 768w, https:\/\/faow.pl\/wp-content\/uploads\/2024\/09\/LACZY-NAS-EDUKACJA-1.png 1296w\" sizes=\"(max-width: 1024px) 100vw, 1024px\" \/>\n\n<p>W zwi\u0105zku z realizacj\u0105 od dnia 01.09.2024 r. projektu \u201e\u0141\u0104CZY NAS EDUKACJA -og\u00f3lnopolski projekt rozwoju dzia\u0142a\u0144 stra\u017cniczych, rzeczniczych i na rzecz stanowienia prawa w edukacji. \u201dnr FERS.04.06-IP.04-0054\/23 finansowanego z Europejskiego Funduszu Spo\u0142ecznego +, podajemy informacj\u0119 o mo\u017cliwo\u015bci zg\u0142aszania do Instytucji Zarz\u0105dzaj\u0105cej lub Instytucji Po\u015brednicz\u0105cej podejrzenia o niezgodno\u015bci Projektu lub dzia\u0142a\u0144 Beneficjenta z Konwencj\u0105 o prawach os\u00f3b niepe\u0142nosprawnych sporz\u0105dzon\u0105 w Nowym Jorku dnia 13 grudnia 2006 r. (Dz. U. z 2012 r. poz. 1169, z p\u00f3\u017an. zm.), zwanej dalej \u201eKPON\u201d. Sygna\u0142y, zg\u0142oszenia lub skargi dotycz\u0105ce wyst\u0105pienia niezgodno\u015bci projekt\u00f3w FERS z postanowieniami KPON mog\u0105 przekazywa\u0107 osoby fizyczne (uczestnicy projekt\u00f3w lub ich pe\u0142nomocnicy i przedstawiciele), instytucje uczestnicz\u0105ce we wdra\u017caniu funduszy Unii Europejskiej, strona spo\u0142eczna (stowarzyszenia, fundacje), za pomoc\u0105 (w ka\u017cdym poni\u017cszym przypadku uznaje si\u0119 zg\u0142oszenie za przekazane w formie pisemnej):<p>\n1.\tpoczty tradycyjnej &#8211; w formie listownej na adres ministerstwa: Ministerstwo Funduszy i Polityki Regionalnej, ul. Wsp\u00f3lna 2\/4, 00-926 Warszawa lub  Kancelaria Prezesa Rady Ministr\u00f3w Departament Spo\u0142ecze\u0144stwa Obywatelskiego Al. Ujazdowskie 1\/3, 00-583 Warszawa<p>\n2.\tskrzynki nadawczej e-puap Ministerstwa Funduszy i Polityki Regionalnej lub Kancelaria Prezesa Rady Ministr\u00f3w Departament Spo\u0142ecze\u0144stwa Obywatelskiego <p><p><p><p>\n\n&#8212; \nAgnieszka H. Zdrojewska\ntel. kont. (+48) 512 933 672\n<\/p>\t\t\t\t\t\t\t\t<\/div>\n\t\t\t\t<\/div>\n\t\t\t\t\t<\/div>\n\t\t\t\t<\/div>\n\t\t<div class=\"elementor-element elementor-element-df96b63 e-flex e-con-boxed e-con e-parent\" data-id=\"df96b63\" data-element_type=\"container\">\n\t\t\t\t\t<div class=\"e-con-inner\">\n\t\t\t\t<div class=\"elementor-element elementor-element-5cc2e1e3 elementor-widget elementor-widget-text-editor\" data-id=\"5cc2e1e3\" data-element_type=\"widget\" data-widget_type=\"text-editor.default\">\n\t\t\t\t<div class=\"elementor-widget-container\">\n\t\t\t\t\t\t\t\t\t<img decoding=\"async\" src=\"http:\/\/faow.pl\/wp-content\/uploads\/2024\/04\/pasek-24.04-rm-1-300x32.png\" alt=\"\" width=\"700\" height=\"75\" class=\"alignnone size-medium wp-image-1530\" srcset=\"https:\/\/faow.pl\/wp-content\/uploads\/2024\/04\/pasek-24.04-rm-1-300x32.png 300w, https:\/\/faow.pl\/wp-content\/uploads\/2024\/04\/pasek-24.04-rm-1-768x82.png 768w, https:\/\/faow.pl\/wp-content\/uploads\/2024\/04\/pasek-24.04-rm-1.png 1024w\" sizes=\"(max-width: 700px) 100vw, 700px\" \/>\r\n\r\n<strong>Projekt partnerski Federacji Inicjatyw O\u015bwiatowych i Forum Aktywizacji Obszar\u00f3w Wiejskich,\r\nfinansowany z Programu Fundusze Europejskie dla Rozwoju Spo\u0142ecznego w ramach EFS + na\r\nlata 2021-2027.<\/strong>\r\n\r\n<strong>Celem projektu jest<\/strong> wzmocnienie potencja\u0142u do dzia\u0142a\u0144 rzeczniczych i stra\u017cniczych krajowych i\r\neuropejskich (watchdog) 168 os\u00f3b z co najmniej 12 organizacji pozarz\u0105dowych z PL (dzia\u0142aj\u0105 w\r\nobszarze edukacji) oraz podniesienie kompetencji stra\u017cniczych dot. kalkulacji dotacji o\u015bwiatowych\r\ndla plac\u00f3wek prowadzonych przez NGO. Dodatkowym celem projektu jest podniesie jako\u015bci\r\ndzia\u0142ania co najmniej 12 wiejskich NGO.\r\n\r\nCel zostanie osi\u0105gni\u0119ty podczas <strong> realizacji projektu od 1 maja 2024 do 28 lutego 2026.<\/strong>\r\nW ramach projektu ka\u017cdy UP otrzyma 52h wsparcia szkoleniowego (szkolenie wprowadzaj\u0105ce\r\n20h, szkolenie specjalistyczne 20h stacjonarne i 12h szkolenia on-line).\r\nProjekt polega na przeprowadzeniu szkole\u0144 dla przynajmniej 6 grup cz\u0142onk\u00f3w, pracownik\u00f3w lub\r\nwolontariuszy NGO zajmuj\u0105cych si\u0119 edukacj\u0105 i kszta\u0142ceniem oraz wsparciu 12 SRW\/NGO.\r\nZaplanowano 3 \u015bcie\u017cki szkoleniowe specjalistyczne: stra\u017cnik dotacji, promotor konsultacji,\r\nrzecznik edukacji. Projekt jest odpowiedzi\u0105 na zdiagnozowane problemy i na ich podstawie\r\nokre\u015blone potrzeby.\r\n\r\n<strong>Stra\u017cnik dotacji<\/strong> przede wszystkim podniesie swoje kompetencje w zakresie dzia\u0142a\u0144 stra\u017cniczych\r\ndot. naliczania dotacji dla plac\u00f3wek przedszkolnych i szk\u00f3\u0142 prowadzonych przez organizacje\r\npozarz\u0105dowe.\r\n\r\n<strong>Promotor konsultacji<\/strong> b\u0119dzie przygotowany do wykorzystania istniej\u0105cego od 1999\r\nroku (szerzej nieznanego i niewykorzystywanego) w prawie o\u015bwiatowym narz\u0119dzia konsultacji i\r\npartycypacji jakim s\u0105 samorz\u0105dowe rady o\u015bwiatowe. Rady o\u015bwiatowe, zgodnie z Ustaw\u0105 prawo\r\no\u015bwiatowe (art. 78) s\u0105 organem doradczym dla organ\u00f3w decyzyjnych, opiniuj\u0105 bud\u017cety na o\u015bwiat\u0119\r\ni wsp\u00f3\u0142tworz\u0105 polityk\u0119 o\u015bwiatow\u0105 na swoim szczeblu.\r\n\r\n<strong>Rzecznik edukacji<\/strong> podniesie swoje kompetencje w zakresie znajomo\u015bci organizacji\r\ni finansowania systemu o\u015bwiaty, aby m\u00f3c skutecznie lobbowa\u0107\/promowa\u0107 NGO w edukacji.\r\nW programie szkole\u0144 uwzgl\u0119dniona zostanie specyfika obszar\u00f3w wiejskich tzw. &#8222;rural proofing&#8221;.\r\n\u015acie\u017cki szkoleniowe b\u0119d\u0105 \u0142\u0105czy\u0142y wiedz\u0119 teoretyczn\u0105 i praktyczn\u0105 (wyk\u0142ady, warsztaty, \u0107wiczenia,\r\nwsparcie indywidualne).\r\n<strong>Nabyta wiedza i umiej\u0119tno\u015bci b\u0119d\u0105 na bie\u017c\u0105co weryfikowane w praktyce dzia\u0142ania w swoich\r\norganizacjach przy udziale doradc\u00f3w ekspert\u00f3w (2000h godzin doradczych).<\/strong>\r\nNad ca\u0142o\u015bci\u0105 zadania oraz jego wyd\u017awi\u0119kiem merytorycznym czuwa Panel ekspert\u00f3w, dodatkowo\r\nzostanie przygotowany obywatelski projekt ustawy o organizacji i finansowaniu o\u015bwiaty na wsi.\r\n\r\nPrzewidziano do realizacji nast\u0119puj\u0105ce zadania:\r\n\r\n<strong>Zadanie 1. Panel Ekspert\u00f3w<\/strong>, na zadanie sk\u0142adaj\u0105 si\u0119:\r\n&#8211; 2 wyjazdy panelu ekspert\u00f3w\r\n&#8211; Konkurs na teksty wolne o edukacji wiejskiej &#8211; nab\u00f3r otwarty, 20 tekst\u00f3w otrzyma nagrod\u0119 i zostanie opublikowana, kt\u00f3re b\u0119d\u0105 impulsami dla tekst\u00f3w eksperckich,\r\n&#8211; Nab\u00f3r, edycja, publikacja 100 stron tekst\u00f3w eksperckich\r\n&#8211; 2 konferencj\u0119: Konwent Europejskiego Parlamentu Wiejskiego oraz Konferencja dot. Outsourcingu Dzia\u0142a\u0144 O\u015bwiatowych\r\n&#8211; Zatrudnienie koordynatora panelu eksperckiego (FAOW)\r\n&#8211; Zatrudnienie koordynatora projektu ustawy obywatelskiej (FIO)\r\n\r\n<strong>Zadanie 2. Szkolenie Wprowadzaj\u0105ce: Jak prowadzi\u0107 dialog obywatelski na terenach wiejskich w\r\nobszarze edukacji?<\/strong>\r\nSzkolenie skierowane do 168\/ 200 os\u00f3b (dzia\u0142aczy, pracownik\u00f3w NGO\/ SRW prowadz\u0105cych szko\u0142y i przedszkola na terenach wiejskich), w podziale na 8 grup po maksymalnie 20 os\u00f3b (zatrudnienie 8 trener\u00f3w). Podczas szkolenia na podstawie prezentacji \u015bcie\u017cek szkoleniowych (Stra\u017cnik Dotacji, Promotor Konsultacji, Rzecznik Edukacji) uczestnicy dokonuj\u0105 wyboru \u015bcie\u017cki\r\nspecjalizacji.\r\n\r\n<strong>Zadanie 3. SZKOLENIE specjalistyczne w 3 \u015bcie\u017ckach:<\/strong><\/strong>\r\n<strong>&#8211; Stra\u017cnik Dotacji,\r\n&#8211; Promotor Konsultacji,\r\n&#8211; Rzecznik Edukacji<\/strong>\r\nKa\u017cda \u015bcie\u017cka realizowana w 2 grupach \u0142\u0105cznie 6 grup.\r\nW ramach zadania 20h szkolenia specjalistycznego dla 6 grup (po dwie grupy na \u015bcie\u017ck\u0119). Praca w\u0142asna kierowana pod kier OPIEKUN\u00d3W GRUP oraz 12h e-learningu na platformie.\r\n\r\n<strong>Zadanie 4. WSPARCIE STOWARZYSZE\u0143 &#8211; doradztwo specjalistyczne<\/strong>\r\nDoradztwo finansowe, prawne, mediacje, doradztwo w zakresie weryfikacji dotacji i subwencji,\r\npula godzin doradztwa innego typu np. Kadry, PPO\u017b, BHP, pisanie pism administracyjnych,\r\ns\u0105dowych, i in. Na podstawie diagnozy. 10 miesi\u0119cy wsparcia dla 12 stowarzysze\u0144 po \u0142\u0105cznie 180 h wsparcia doradczego.1 SRW uzyska 180 H wsparcia doradczego przez 10 miesi\u0119cy.\r\n\r\n(Tutaj najprawdopodobniej na etapie realizacji projektu b\u0119dziemy wnioskowa\u0107 o zmian\u0119 i rozszerzenie wsparcia do wszystkich NGO, kt\u00f3rych reprezentanci szkol\u0105 si\u0119 w projekcie zaplanowane wsparcie jest zbyt du\u017ce).\r\n<!-- Created with Elementor -->\r\n\t\t\t\t\t\t\t\t<\/div>\n\t\t\t\t<\/div>\n\t\t\t\t\t<\/div>\n\t\t\t\t<\/div>\n\t\t\t\t<\/div>\n\t\t","protected":false},"excerpt":{"rendered":"<p>W zwi\u0105zku z realizacj\u0105 od dnia 01.09.2024 r. projektu \u201e\u0141\u0104CZY NAS EDUKACJA -og\u00f3lnopolski projekt rozwoju dzia\u0142a\u0144 stra\u017cniczych, rzeczniczych i na rzecz stanowienia prawa w edukacji. \u201dnr FERS.04.06-IP.04-0054\/23 finansowanego z Europejskiego Funduszu Spo\u0142ecznego +, podajemy informacj\u0119 o mo\u017cliwo\u015bci zg\u0142aszania do Instytucji Zarz\u0105dzaj\u0105cej lub Instytucji Po\u015brednicz\u0105cej podejrzenia o niezgodno\u015bci Projektu lub dzia\u0142a\u0144 Beneficjenta z Konwencj\u0105 o prawach [&hellip;]<\/p>\n","protected":false},"author":1,"featured_media":0,"comment_status":"open","ping_status":"open","sticky":false,"template":"","format":"standard","meta":{"om_disable_all_campaigns":false,"_monsterinsights_skip_tracking":false,"_monsterinsights_sitenote_active":false,"_monsterinsights_sitenote_note":"","_monsterinsights_sitenote_category":0,"ocean_post_layout":"","ocean_both_sidebars_style":"","ocean_both_sidebars_content_width":0,"ocean_both_sidebars_sidebars_width":0,"ocean_sidebar":"0","ocean_second_sidebar":"0","ocean_disable_margins":"enable","ocean_add_body_class":"","ocean_shortcode_before_top_bar":"","ocean_shortcode_after_top_bar":"","ocean_shortcode_before_header":"","ocean_shortcode_after_header":"","ocean_has_shortcode":"","ocean_shortcode_after_title":"","ocean_shortcode_before_footer_widgets":"","ocean_shortcode_after_footer_widgets":"","ocean_shortcode_before_footer_bottom":"","ocean_shortcode_after_footer_bottom":"","ocean_display_top_bar":"default","ocean_display_header":"default","ocean_header_style":"","ocean_center_header_left_menu":"0","ocean_custom_header_template":"0","ocean_custom_logo":0,"ocean_custom_retina_logo":0,"ocean_custom_logo_max_width":0,"ocean_custom_logo_tablet_max_width":0,"ocean_custom_logo_mobile_max_width":0,"ocean_custom_logo_max_height":0,"ocean_custom_logo_tablet_max_height":0,"ocean_custom_logo_mobile_max_height":0,"ocean_header_custom_menu":"0","ocean_menu_typo_font_family":"0","ocean_menu_typo_font_subset":"","ocean_menu_typo_font_size":0,"ocean_menu_typo_font_size_tablet":0,"ocean_menu_typo_font_size_mobile":0,"ocean_menu_typo_font_size_unit":"px","ocean_menu_typo_font_weight":"","ocean_menu_typo_font_weight_tablet":"","ocean_menu_typo_font_weight_mobile":"","ocean_menu_typo_transform":"","ocean_menu_typo_transform_tablet":"","ocean_menu_typo_transform_mobile":"","ocean_menu_typo_line_height":0,"ocean_menu_typo_line_height_tablet":0,"ocean_menu_typo_line_height_mobile":0,"ocean_menu_typo_line_height_unit":"","ocean_menu_typo_spacing":0,"ocean_menu_typo_spacing_tablet":0,"ocean_menu_typo_spacing_mobile":0,"ocean_menu_typo_spacing_unit":"","ocean_menu_link_color":"","ocean_menu_link_color_hover":"","ocean_menu_link_color_active":"","ocean_menu_link_background":"","ocean_menu_link_hover_background":"","ocean_menu_link_active_background":"","ocean_menu_social_links_bg":"","ocean_menu_social_hover_links_bg":"","ocean_menu_social_links_color":"","ocean_menu_social_hover_links_color":"","ocean_disable_title":"default","ocean_disable_heading":"default","ocean_post_title":"","ocean_post_subheading":"","ocean_post_title_style":"","ocean_post_title_background_color":"","ocean_post_title_background":0,"ocean_post_title_bg_image_position":"","ocean_post_title_bg_image_attachment":"","ocean_post_title_bg_image_repeat":"","ocean_post_title_bg_image_size":"","ocean_post_title_height":0,"ocean_post_title_bg_overlay":0.5,"ocean_post_title_bg_overlay_color":"","ocean_disable_breadcrumbs":"default","ocean_breadcrumbs_color":"","ocean_breadcrumbs_separator_color":"","ocean_breadcrumbs_links_color":"","ocean_breadcrumbs_links_hover_color":"","ocean_display_footer_widgets":"default","ocean_display_footer_bottom":"default","ocean_custom_footer_template":"0","ocean_post_oembed":"","ocean_post_self_hosted_media":"","ocean_post_video_embed":"","ocean_link_format":"","ocean_link_format_target":"self","ocean_quote_format":"","ocean_quote_format_link":"post","ocean_gallery_link_images":"on","ocean_gallery_id":[],"footnotes":""},"categories":[33,29],"tags":[],"class_list":["post-1503","post","type-post","status-publish","format-standard","hentry","category-aktualnosci","category-projekty","entry"],"aioseo_notices":[],"_links":{"self":[{"href":"https:\/\/faow.pl\/index.php?rest_route=\/wp\/v2\/posts\/1503","targetHints":{"allow":["GET"]}}],"collection":[{"href":"https:\/\/faow.pl\/index.php?rest_route=\/wp\/v2\/posts"}],"about":[{"href":"https:\/\/faow.pl\/index.php?rest_route=\/wp\/v2\/types\/post"}],"author":[{"embeddable":true,"href":"https:\/\/faow.pl\/index.php?rest_route=\/wp\/v2\/users\/1"}],"replies":[{"embeddable":true,"href":"https:\/\/faow.pl\/index.php?rest_route=%2Fwp%2Fv2%2Fcomments&post=1503"}],"version-history":[{"count":26,"href":"https:\/\/faow.pl\/index.php?rest_route=\/wp\/v2\/posts\/1503\/revisions"}],"predecessor-version":[{"id":2105,"href":"https:\/\/faow.pl\/index.php?rest_route=\/wp\/v2\/posts\/1503\/revisions\/2105"}],"wp:attachment":[{"href":"https:\/\/faow.pl\/index.php?rest_route=%2Fwp%2Fv2%2Fmedia&parent=1503"}],"wp:term":[{"taxonomy":"category","embeddable":true,"href":"https:\/\/faow.pl\/index.php?rest_route=%2Fwp%2Fv2%2Fcategories&post=1503"},{"taxonomy":"post_tag","embeddable":true,"href":"https:\/\/faow.pl\/index.php?rest_route=%2Fwp%2Fv2%2Ftags&post=1503"}],"curies":[{"name":"wp","href":"https:\/\/api.w.org\/{rel}","templated":true}]}}