{"id":1419,"date":"2024-04-22T10:16:09","date_gmt":"2024-04-22T08:16:09","guid":{"rendered":"https:\/\/faow.pl\/?p=1419"},"modified":"2024-04-22T10:35:48","modified_gmt":"2024-04-22T08:35:48","slug":"ogolnopolskie-forum-lokalnych-grup-dzialania","status":"publish","type":"post","link":"https:\/\/faow.pl\/?p=1419","title":{"rendered":"Og\u00f3lnopolskie Forum Lokalnych Grup Dzia\u0142ania"},"content":{"rendered":"\t\t<div data-elementor-type=\"wp-post\" data-elementor-id=\"1419\" class=\"elementor elementor-1419\">\n\t\t\t\t<div class=\"elementor-element elementor-element-4951e3f2 e-flex e-con-boxed e-con e-parent\" data-id=\"4951e3f2\" data-element_type=\"container\">\n\t\t\t\t\t<div class=\"e-con-inner\">\n\t\t\t\t<div class=\"elementor-element elementor-element-2c5c5b2f elementor-widget elementor-widget-text-editor\" data-id=\"2c5c5b2f\" data-element_type=\"widget\" data-widget_type=\"text-editor.default\">\n\t\t\t\t<div class=\"elementor-widget-container\">\n\t\t\t\t\t\t\t\t\t<p>\n<img fetchpriority=\"high\" decoding=\"async\" src=\"http:\/\/faow.pl\/wp-content\/uploads\/2024\/04\/loga.jpg\" alt=\"\" width=\"666\" height=\"669\" class=\"alignnone size-full wp-image-1420\" srcset=\"https:\/\/faow.pl\/wp-content\/uploads\/2024\/04\/loga.jpg 666w, https:\/\/faow.pl\/wp-content\/uploads\/2024\/04\/loga-300x300.jpg 300w, https:\/\/faow.pl\/wp-content\/uploads\/2024\/04\/loga-150x150.jpg 150w\" sizes=\"(max-width: 666px) 100vw, 666px\" \/><\/p>\n<p><strong>Opis projektu<\/strong><\/p>\n<p>Og\u00f3lnopolskie Forum Lokalnych Grup Dzia\u0142ania by\u0142o spotkaniem przedstawicielek i przedstawicieli lokalnych grup dzia\u0142ania po\u015bwi\u0119conym do\u015bwiadczeniom z wdra\u017cania podej\u015bcia Leader w okresie 2007-2013 i planowaniu okresu 2014-2020. Miejscem realizacji konferencji zrealizowanej w dniach 13 i 14 maja 2013 by\u0142o Centrum Konferencyjno-Bankietowe Knieja w Supra\u015blu. Organizatorami Forum by\u0142 Urz\u0105d Marsza\u0142kowski Wojew\u00f3dztwa Podlaskiego oraz Forum Aktywizacji Obszar\u00f3w Wiejskich<\/p>\n<p>Forum LGD by\u0142o okazj\u0105 do spotkania, wymiany do\u015bwiadcze\u0144 i podsumowania dokona\u0144 organizacji wdra\u017caj\u0105cych LEADER PROW. Uczestnicy wzi\u0119li udzia\u0142 w panelach dyskusyjnych, wyst\u0105pieniach ekspert\u00f3w i praktyk\u00f3w oraz w warsztatach tematycznych (zobacz program). Wa\u017cnym elementem FORUM LGD by\u0142a dyskusja nad dobrym zako\u0144czeniem wdra\u017cania Osi LEADER PROW i wnioskami, kt\u00f3re p\u0142yn\u0105 z tego procesu dla Rozwoju Kierowanego przez Lokaln\u0105 Spo\u0142eczno\u015b\u0107 (RLKS, ang. CLLD), jak r\u00f3wnie\u017c nad okresem przej\u015bciowym pomi\u0119dzy okresami programowania funduszy europejskich.<\/p>\n<p>W konferencji udzia\u0142 wzi\u0119\u0142o ponad 350 os\u00f3b.<\/p>\n<p>Forum Lokalnych Grup Dzia\u0142ania obj\u0119te by\u0142o patronatem honorowym Ministra Rolnictwa i Rozwoju Wsi Stanis\u0142awa Kalemby.<\/p>\n<p><strong><br><\/strong><\/p>\n<p><strong>Dokumenty pokonferencyjne<\/strong><br><strong>Uzasadnienie potrzeby wdra\u017cania w Polsce CLLD (na podstawie stanowiska Polskiej Sieci LGD)<\/strong><\/p>\n<p><a href=\"http:\/\/faow.pl\/wp-content\/uploads\/2024\/04\/UZASADNIENIE-potrzeby-wdraania-w-Polsce-CLLD.pdf\">http:\/\/faow.pl\/wp-content\/uploads\/2024\/04\/UZASADNIENIE-potrzeby-wdraania-w-Polsce-CLLD.pdf<\/a><\/p>\n<p><strong>Deklaracja pokonferencyjna (oprac. Krzysztof Kwatera)<\/strong><\/p>\n<p><a href=\"http:\/\/faow.pl\/wp-content\/uploads\/2024\/04\/Apel_uczestnikow_Forum_LGD-1-1.pdf\">Apel_uczestnikow_Forum_LGD-1<\/a><\/p>\n<div><br><\/div>\t\t\t\t\t\t\t\t<\/div>\n\t\t\t\t<\/div>\n\t\t\t\t\t<\/div>\n\t\t\t\t<\/div>\n\t\t\t\t<\/div>\n\t\t","protected":false},"excerpt":{"rendered":"<p>Opis projektu Og\u00f3lnopolskie Forum Lokalnych Grup Dzia\u0142ania by\u0142o spotkaniem przedstawicielek i przedstawicieli lokalnych grup dzia\u0142ania po\u015bwi\u0119conym do\u015bwiadczeniom z wdra\u017cania podej\u015bcia Leader w okresie 2007-2013 i planowaniu okresu 2014-2020. Miejscem realizacji konferencji zrealizowanej w dniach 13 i 14 maja 2013 by\u0142o Centrum Konferencyjno-Bankietowe Knieja w Supra\u015blu. Organizatorami Forum by\u0142 Urz\u0105d Marsza\u0142kowski Wojew\u00f3dztwa Podlaskiego oraz Forum Aktywizacji [&hellip;]<\/p>\n","protected":false},"author":1,"featured_media":0,"comment_status":"open","ping_status":"open","sticky":false,"template":"","format":"standard","meta":{"om_disable_all_campaigns":false,"_monsterinsights_skip_tracking":false,"_monsterinsights_sitenote_active":false,"_monsterinsights_sitenote_note":"","_monsterinsights_sitenote_category":0,"ocean_post_layout":"","ocean_both_sidebars_style":"","ocean_both_sidebars_content_width":0,"ocean_both_sidebars_sidebars_width":0,"ocean_sidebar":"0","ocean_second_sidebar":"0","ocean_disable_margins":"enable","ocean_add_body_class":"","ocean_shortcode_before_top_bar":"","ocean_shortcode_after_top_bar":"","ocean_shortcode_before_header":"","ocean_shortcode_after_header":"","ocean_has_shortcode":"","ocean_shortcode_after_title":"","ocean_shortcode_before_footer_widgets":"","ocean_shortcode_after_footer_widgets":"","ocean_shortcode_before_footer_bottom":"","ocean_shortcode_after_footer_bottom":"","ocean_display_top_bar":"default","ocean_display_header":"default","ocean_header_style":"","ocean_center_header_left_menu":"0","ocean_custom_header_template":"0","ocean_custom_logo":0,"ocean_custom_retina_logo":0,"ocean_custom_logo_max_width":0,"ocean_custom_logo_tablet_max_width":0,"ocean_custom_logo_mobile_max_width":0,"ocean_custom_logo_max_height":0,"ocean_custom_logo_tablet_max_height":0,"ocean_custom_logo_mobile_max_height":0,"ocean_header_custom_menu":"0","ocean_menu_typo_font_family":"0","ocean_menu_typo_font_subset":"","ocean_menu_typo_font_size":0,"ocean_menu_typo_font_size_tablet":0,"ocean_menu_typo_font_size_mobile":0,"ocean_menu_typo_font_size_unit":"px","ocean_menu_typo_font_weight":"","ocean_menu_typo_font_weight_tablet":"","ocean_menu_typo_font_weight_mobile":"","ocean_menu_typo_transform":"","ocean_menu_typo_transform_tablet":"","ocean_menu_typo_transform_mobile":"","ocean_menu_typo_line_height":0,"ocean_menu_typo_line_height_tablet":0,"ocean_menu_typo_line_height_mobile":0,"ocean_menu_typo_line_height_unit":"","ocean_menu_typo_spacing":0,"ocean_menu_typo_spacing_tablet":0,"ocean_menu_typo_spacing_mobile":0,"ocean_menu_typo_spacing_unit":"","ocean_menu_link_color":"","ocean_menu_link_color_hover":"","ocean_menu_link_color_active":"","ocean_menu_link_background":"","ocean_menu_link_hover_background":"","ocean_menu_link_active_background":"","ocean_menu_social_links_bg":"","ocean_menu_social_hover_links_bg":"","ocean_menu_social_links_color":"","ocean_menu_social_hover_links_color":"","ocean_disable_title":"default","ocean_disable_heading":"default","ocean_post_title":"","ocean_post_subheading":"","ocean_post_title_style":"","ocean_post_title_background_color":"","ocean_post_title_background":0,"ocean_post_title_bg_image_position":"","ocean_post_title_bg_image_attachment":"","ocean_post_title_bg_image_repeat":"","ocean_post_title_bg_image_size":"","ocean_post_title_height":0,"ocean_post_title_bg_overlay":0.5,"ocean_post_title_bg_overlay_color":"","ocean_disable_breadcrumbs":"default","ocean_breadcrumbs_color":"","ocean_breadcrumbs_separator_color":"","ocean_breadcrumbs_links_color":"","ocean_breadcrumbs_links_hover_color":"","ocean_display_footer_widgets":"default","ocean_display_footer_bottom":"default","ocean_custom_footer_template":"0","ocean_post_oembed":"","ocean_post_self_hosted_media":"","ocean_post_video_embed":"","ocean_link_format":"","ocean_link_format_target":"self","ocean_quote_format":"","ocean_quote_format_link":"post","ocean_gallery_link_images":"on","ocean_gallery_id":[],"footnotes":""},"categories":[29],"tags":[],"class_list":["post-1419","post","type-post","status-publish","format-standard","hentry","category-projekty","entry"],"aioseo_notices":[],"_links":{"self":[{"href":"https:\/\/faow.pl\/index.php?rest_route=\/wp\/v2\/posts\/1419","targetHints":{"allow":["GET"]}}],"collection":[{"href":"https:\/\/faow.pl\/index.php?rest_route=\/wp\/v2\/posts"}],"about":[{"href":"https:\/\/faow.pl\/index.php?rest_route=\/wp\/v2\/types\/post"}],"author":[{"embeddable":true,"href":"https:\/\/faow.pl\/index.php?rest_route=\/wp\/v2\/users\/1"}],"replies":[{"embeddable":true,"href":"https:\/\/faow.pl\/index.php?rest_route=%2Fwp%2Fv2%2Fcomments&post=1419"}],"version-history":[{"count":25,"href":"https:\/\/faow.pl\/index.php?rest_route=\/wp\/v2\/posts\/1419\/revisions"}],"predecessor-version":[{"id":1455,"href":"https:\/\/faow.pl\/index.php?rest_route=\/wp\/v2\/posts\/1419\/revisions\/1455"}],"wp:attachment":[{"href":"https:\/\/faow.pl\/index.php?rest_route=%2Fwp%2Fv2%2Fmedia&parent=1419"}],"wp:term":[{"taxonomy":"category","embeddable":true,"href":"https:\/\/faow.pl\/index.php?rest_route=%2Fwp%2Fv2%2Fcategories&post=1419"},{"taxonomy":"post_tag","embeddable":true,"href":"https:\/\/faow.pl\/index.php?rest_route=%2Fwp%2Fv2%2Ftags&post=1419"}],"curies":[{"name":"wp","href":"https:\/\/api.w.org\/{rel}","templated":true}]}}