{"id":1295,"date":"2024-04-19T15:25:22","date_gmt":"2024-04-19T13:25:22","guid":{"rendered":"https:\/\/faow.pl\/?p=1295"},"modified":"2024-04-19T15:27:40","modified_gmt":"2024-04-19T13:27:40","slug":"organizacje-wiejskie-w-procesie-stanowienia-prawa-prawo-na-wsi","status":"publish","type":"post","link":"https:\/\/faow.pl\/?p=1295","title":{"rendered":"Organizacje wiejskie w procesie stanowienia prawa (&#8222;Prawo na wsi&#8221;)"},"content":{"rendered":"<p><img fetchpriority=\"high\" decoding=\"async\" src=\"http:\/\/faow.pl\/wp-content\/uploads\/2024\/04\/fe_ue.jpg\" alt=\"\" width=\"712\" height=\"74\" class=\"alignnone size-full wp-image-1296\" srcset=\"https:\/\/faow.pl\/wp-content\/uploads\/2024\/04\/fe_ue.jpg 712w, https:\/\/faow.pl\/wp-content\/uploads\/2024\/04\/fe_ue-300x31.jpg 300w\" sizes=\"(max-width: 712px) 100vw, 712px\" \/><\/p>\n<p><img decoding=\"async\" src=\"http:\/\/faow.pl\/wp-content\/uploads\/2024\/04\/logo_owwpsp_landscape_580x580.jpg\" alt=\"\" width=\"580\" height=\"408\" class=\"alignnone size-full wp-image-1297\" srcset=\"https:\/\/faow.pl\/wp-content\/uploads\/2024\/04\/logo_owwpsp_landscape_580x580.jpg 580w, https:\/\/faow.pl\/wp-content\/uploads\/2024\/04\/logo_owwpsp_landscape_580x580-300x211.jpg 300w\" sizes=\"(max-width: 580px) 100vw, 580px\" \/><br \/>\n<strong><br \/>\nOrganizacje wiejskie w procesie stanowienia prawa (&#8222;Prawo na wsi&#8221;)<\/strong><\/p>\n<p><strong>Opis projektu<\/strong><br \/>\nCelem g\u0142\u00f3wnym projektu by\u0142o podniesienie kompetencji eksperckich przedstawicieli organizacji pozarz\u0105dowych ze wsi i ma\u0142ych miast \u2013 tych kompetencji, kt\u00f3re s\u0105 niezb\u0119dnym do udzia\u0142u tych organizacji w procesie stanowienia prawa. Zagadnienie jest wieloaspektowe, poniewa\u017c zakres podnoszenia kompetencji w projekcie obejmowa\u0142 dziedziny prawa szczeg\u00f3lnie istotne dla organizacji wiejskich \u2013 w tym prawo gospodarcze czy te\u017c prawo pracy, a tak\u017ce tematy og\u00f3lne takie jak ekonomia z elementami polityki przemys\u0142owej, ekonomia przedsi\u0119biorstwa, analiza finansowa. W ramach projektu prowadzono: webinaria, warsztaty, doradztwo i szkolenia praktyczne, specjalistyczne oraz szkolenia dla trener\u00f3w organizacji wiejskich.<\/p>\n<p>Projekt by\u0142 adresowany do dzia\u0142aj\u0105cych na wsi i w ma\u0142ych miastach organizacji pozarz\u0105dowych, kt\u00f3rych liczb\u0119 w Polsce szacuje si\u0119 na 31.000 \u2013 43.000. Organizacje te r\u00f3\u017cni\u0105 si\u0119 znacz\u0105co od organizacji dzia\u0142aj\u0105cych w miastach zar\u00f3wno pod wzgl\u0119dem skali dzia\u0142ania jak i obszar\u00f3w tematycznych. Du\u017ca liczba organizacji wiejskich jest bardzo ma\u0142a, ma bud\u017cet mniejszy ni\u017c 10.000 z\u0142 rocznie i nie zatrudnia pracownik\u00f3w, a dzia\u0142alno\u015bci\u0105 zajmuj\u0105 si\u0119 g\u0142\u00f3wnie woluntariusze. Wi\u0119kszo\u015b\u0107 przychod\u00f3w tych organizacji pochodzi od administracji samorz\u0105dowej. Najwi\u0119cej organizacji wiejskich deklaruje, \u017ce g\u0142\u00f3wnym przedmiotem ich dzia\u0142alno\u015bci jest rozw\u00f3j regionalny i lokalny, na kolejnych miejscach znajduj\u0105 si\u0119 pomoc spo\u0142eczna, kultura i sztuka, a nast\u0119pnie o\u015bwiata, edukacja i wychowanie.<\/p>\n<p>Z badania przeprowadzonego przez FAOW w celu przygotowania wniosku o dofinansowanie wynika, \u017ce wi\u0119kszo\u015b\u0107 organizacji wiejskich dotychczas nie uczestniczy\u0142a w stanowieniu prawa. Spo\u015br\u00f3d tych, kt\u00f3re uczestniczy\u0142y, ponad po\u0142owa bra\u0142a udzia\u0142 w stanowieniu prawa na poziomie lokalnym lub regionalnym. Mniej ni\u017c jedna trzecia organizacji wiejskich ma do\u015bwiadczenie w stanowieniu prawa na poziomie krajowym.<\/p>\n<p>Projekt wpisuje si\u0119 w cel szczeg\u00f3\u0142owy POW ER \u201eWzmocnienie potencja\u0142u podmiot\u00f3w zaanga\u017cowanych w proces stanowienia prawa na szczeblu krajowym\u201d \u2013 podniesienie kompetencji organizacji wiejskich umo\u017cliwi im udzia\u0142 w procesie stanowienia prawa na szczeblu krajowym, w kt\u00f3rym do tej pory uczestniczy\u0142y w bardzo ograniczonym zakresie. Zakres akt\u00f3w prawnych, kt\u00f3re wp\u0142ywaj\u0105 na sytuacj\u0119 mieszka\u0144c\u00f3w wsi jest bardzo szeroki i wi\u0119ksze zaanga\u017cowanie organizacji wiejskich znacz\u0105co wp\u0142ynie na usprawnienie procesu stanowienia prawa i podniesienie jego jako\u015bci. Projekt przyczyni si\u0119 te\u017c do zbudowania zaplecza eksperckiego dla organizacji pozarz\u0105dowych dzia\u0142aj\u0105cych na wsi i w ma\u0142ych miastach.<\/p>\n<p><strong>Dzia\u0142ania:<\/strong><br \/>\n    szkolenia specjalistyczne, dla zainteresowanych organizacji wiejskich, po\u015bwi\u0119cone tematom wymagaj\u0105cym specjalistycznej wiedzy, na przyk\u0142ad: ustawodawstwo dotycz\u0105ce sprzeda\u017cy bezpo\u015bredniej i produkt\u00f3w lokalnych; ustawodawstwo dot. turystyki (w tym turystyki wiejskiej); tematy zwi\u0105zane z gospodark\u0105 le\u015bn\u0105, rybo\u0142\u00f3wstwem itp.;<br \/>\n    szkolenia dla trener\u00f3w organizacji wiejskich \u2013 ich celem by\u0142o zbudowania trwa\u0142ego potencja\u0142u organizacji wiejskich do uczestniczenia w procesie stanowienia prawa. Spo\u015br\u00f3d uczestnik\u00f3w szkole\u0144 na podstawie wynik\u00f3w testu sprawdzaj\u0105cego oraz ju\u017c posiadanych umiej\u0119tno\u015bci trenerskich (znaczna cz\u0119\u015b\u0107 organizacji wiejskich wsp\u00f3\u0142pracuj\u0105cych z FAOW, w tym Lokalne Grupy Dzia\u0142ania, kt\u00f3rych ponad 30 jest cz\u0142onkami FAOW, dysponuje ju\u017c umiej\u0119tno\u015bciami trenerskimi) wybrano osoby, kt\u00f3re same b\u0119d\u0105 mog\u0142y prowadzi\u0107 dalsze szkolenia po zako\u0144czeniu projektu;<br \/>\n    szkolenia \/ doradztwo w zakresie umiej\u0119tno\u015bci cyfrowych;<br \/>\n    stworzenie i prowadzenie strony internetowej projektu (jej wersja archiwalna dost\u0119pna jest tutaj);<br \/>\n    cykl webinari\u00f3w (szkole\u0144 online) na tematy zwi\u0105zane z procesami stanowienia prawa dotycz\u0105cego obszar\u00f3w wiejskich;<br \/>\n    organizacja (19.10.2019) seminarium naukowego \u201eWp\u0142yw kultury prawnej na budowanie spo\u0142ecze\u0144stwa obywatelskiego\u201d, w kt\u00f3rym udzia\u0142 wzi\u0119\u0142o kilkadziesi\u0105t os\u00f3b, w tym przedstawiciele \u015bwiata nauki, w\u0142adze samorz\u0105dowe oraz so\u0142tysi, cz\u0142onkowie LGD. Podczas seminarium dyskutowano o stanie kultury prawnej w lokalnych spo\u0142eczno\u015bciach, o roli NGO w podnoszeniu poziomu kultury prawnej w lokalnych spo\u0142eczno\u015bciach wiejskich i o budowaniu spo\u0142ecze\u0144stwa obywatelskiego.<\/p>\n<p><strong>Adresaci<\/strong><\/p>\n<p>Szkolenia skierowane by\u0142y do 400 przedstawicieli organizacji pozarz\u0105dowych z terenu wsi i ma\u0142ych miast z ca\u0142ej Polski. W trakcie szkole\u0144 uczestnicy dowiedzieli si\u0119, czym jest proces stanowienia prawa, poznali procedury stanowienia prawa, najwa\u017cniejsze dla organizacji wiejskich obszary prawa oraz narz\u0119dzia pozwalaj\u0105ce na aktywny udzia\u0142 w procesie stanowienia prawa. Szkolenia mia\u0142y charakter praktyczny i dlatego te\u017c poza niezb\u0119dn\u0105 wiedz\u0105 teoretyczn\u0105 uczestnicy szkole\u0144 zdobywali umiej\u0119tno\u015bci wyst\u0105pie\u0144 publicznych, formu\u0142owania pogl\u0105d\u00f3w, poznawali konkretne narz\u0119dzia pozwalaj\u0105ce na udzia\u0142 w procesie stanowienia prawa.<\/p>\n<p><strong>Okres realizacji<\/strong><br \/>\n2017-2019<\/p>\n<p><strong>Partnerzy<\/strong><br \/>\nFundacja Fundusz Wsp\u00f3\u0142pracy<br \/>\nInstytut Rozwoju Wsi i Rolnictwa PAN<br \/>\n<strong><br \/>\nFinansowanie<\/strong><br \/>\nEuropejski Fundusz Spo\u0142eczny (EFS)<br \/>\nDzia\u0142anie 2.16 pn. Usprawnienie procesu stanowienia prawa Programu Operacyjnego Wiedza Edukacja Rozw\u00f3j 2014-2020 w ramach jego Osi II pn. Efektywne polityki publiczne dla rynku pracy, gospodarki i edukacji.<br \/>\nWarto\u015b\u0107 projektu: 960 525,00 z\u0142<br \/>\nZe \u015brodk\u00f3w europejskich: 809 530,47 z\u0142, co stanowi 84,28% wydatk\u00f3w kwalifikowanych projektu<br \/>\nZe \u015brodk\u00f3w dotacji docelowej: 150 994, 53 z\u0142<\/p>\n<p><img decoding=\"async\" src=\"http:\/\/faow.pl\/wp-content\/uploads\/2024\/04\/NiwProo.png\" alt=\"\" width=\"900\" height=\"216\" class=\"alignnone size-full wp-image-1298\" srcset=\"https:\/\/faow.pl\/wp-content\/uploads\/2024\/04\/NiwProo.png 900w, https:\/\/faow.pl\/wp-content\/uploads\/2024\/04\/NiwProo-300x72.png 300w, https:\/\/faow.pl\/wp-content\/uploads\/2024\/04\/NiwProo-768x184.png 768w\" sizes=\"(max-width: 900px) 100vw, 900px\" \/><\/p>\n","protected":false},"excerpt":{"rendered":"<p>Organizacje wiejskie w procesie stanowienia prawa (&#8222;Prawo na wsi&#8221;) Opis projektu Celem g\u0142\u00f3wnym projektu by\u0142o podniesienie kompetencji eksperckich przedstawicieli organizacji pozarz\u0105dowych ze wsi i ma\u0142ych miast \u2013 tych kompetencji, kt\u00f3re s\u0105 niezb\u0119dnym do udzia\u0142u tych organizacji w procesie stanowienia prawa. Zagadnienie jest wieloaspektowe, poniewa\u017c zakres podnoszenia kompetencji w projekcie obejmowa\u0142 dziedziny prawa szczeg\u00f3lnie istotne dla [&hellip;]<\/p>\n","protected":false},"author":1,"featured_media":0,"comment_status":"open","ping_status":"open","sticky":false,"template":"","format":"standard","meta":{"om_disable_all_campaigns":false,"_monsterinsights_skip_tracking":false,"_monsterinsights_sitenote_active":false,"_monsterinsights_sitenote_note":"","_monsterinsights_sitenote_category":0,"ocean_post_layout":"","ocean_both_sidebars_style":"","ocean_both_sidebars_content_width":0,"ocean_both_sidebars_sidebars_width":0,"ocean_sidebar":"0","ocean_second_sidebar":"0","ocean_disable_margins":"enable","ocean_add_body_class":"","ocean_shortcode_before_top_bar":"","ocean_shortcode_after_top_bar":"","ocean_shortcode_before_header":"","ocean_shortcode_after_header":"","ocean_has_shortcode":"","ocean_shortcode_after_title":"","ocean_shortcode_before_footer_widgets":"","ocean_shortcode_after_footer_widgets":"","ocean_shortcode_before_footer_bottom":"","ocean_shortcode_after_footer_bottom":"","ocean_display_top_bar":"default","ocean_display_header":"default","ocean_header_style":"","ocean_center_header_left_menu":"0","ocean_custom_header_template":"0","ocean_custom_logo":0,"ocean_custom_retina_logo":0,"ocean_custom_logo_max_width":0,"ocean_custom_logo_tablet_max_width":0,"ocean_custom_logo_mobile_max_width":0,"ocean_custom_logo_max_height":0,"ocean_custom_logo_tablet_max_height":0,"ocean_custom_logo_mobile_max_height":0,"ocean_header_custom_menu":"0","ocean_menu_typo_font_family":"0","ocean_menu_typo_font_subset":"","ocean_menu_typo_font_size":0,"ocean_menu_typo_font_size_tablet":0,"ocean_menu_typo_font_size_mobile":0,"ocean_menu_typo_font_size_unit":"px","ocean_menu_typo_font_weight":"","ocean_menu_typo_font_weight_tablet":"","ocean_menu_typo_font_weight_mobile":"","ocean_menu_typo_transform":"","ocean_menu_typo_transform_tablet":"","ocean_menu_typo_transform_mobile":"","ocean_menu_typo_line_height":0,"ocean_menu_typo_line_height_tablet":0,"ocean_menu_typo_line_height_mobile":0,"ocean_menu_typo_line_height_unit":"","ocean_menu_typo_spacing":0,"ocean_menu_typo_spacing_tablet":0,"ocean_menu_typo_spacing_mobile":0,"ocean_menu_typo_spacing_unit":"","ocean_menu_link_color":"","ocean_menu_link_color_hover":"","ocean_menu_link_color_active":"","ocean_menu_link_background":"","ocean_menu_link_hover_background":"","ocean_menu_link_active_background":"","ocean_menu_social_links_bg":"","ocean_menu_social_hover_links_bg":"","ocean_menu_social_links_color":"","ocean_menu_social_hover_links_color":"","ocean_disable_title":"default","ocean_disable_heading":"default","ocean_post_title":"","ocean_post_subheading":"","ocean_post_title_style":"","ocean_post_title_background_color":"","ocean_post_title_background":0,"ocean_post_title_bg_image_position":"","ocean_post_title_bg_image_attachment":"","ocean_post_title_bg_image_repeat":"","ocean_post_title_bg_image_size":"","ocean_post_title_height":0,"ocean_post_title_bg_overlay":0.5,"ocean_post_title_bg_overlay_color":"","ocean_disable_breadcrumbs":"default","ocean_breadcrumbs_color":"","ocean_breadcrumbs_separator_color":"","ocean_breadcrumbs_links_color":"","ocean_breadcrumbs_links_hover_color":"","ocean_display_footer_widgets":"default","ocean_display_footer_bottom":"default","ocean_custom_footer_template":"0","ocean_post_oembed":"","ocean_post_self_hosted_media":"","ocean_post_video_embed":"","ocean_link_format":"","ocean_link_format_target":"self","ocean_quote_format":"","ocean_quote_format_link":"post","ocean_gallery_link_images":"on","ocean_gallery_id":[],"footnotes":""},"categories":[29],"tags":[26],"class_list":["post-1295","post","type-post","status-publish","format-standard","hentry","category-projekty","tag-faow","entry"],"aioseo_notices":[],"_links":{"self":[{"href":"https:\/\/faow.pl\/index.php?rest_route=\/wp\/v2\/posts\/1295","targetHints":{"allow":["GET"]}}],"collection":[{"href":"https:\/\/faow.pl\/index.php?rest_route=\/wp\/v2\/posts"}],"about":[{"href":"https:\/\/faow.pl\/index.php?rest_route=\/wp\/v2\/types\/post"}],"author":[{"embeddable":true,"href":"https:\/\/faow.pl\/index.php?rest_route=\/wp\/v2\/users\/1"}],"replies":[{"embeddable":true,"href":"https:\/\/faow.pl\/index.php?rest_route=%2Fwp%2Fv2%2Fcomments&post=1295"}],"version-history":[{"count":2,"href":"https:\/\/faow.pl\/index.php?rest_route=\/wp\/v2\/posts\/1295\/revisions"}],"predecessor-version":[{"id":1301,"href":"https:\/\/faow.pl\/index.php?rest_route=\/wp\/v2\/posts\/1295\/revisions\/1301"}],"wp:attachment":[{"href":"https:\/\/faow.pl\/index.php?rest_route=%2Fwp%2Fv2%2Fmedia&parent=1295"}],"wp:term":[{"taxonomy":"category","embeddable":true,"href":"https:\/\/faow.pl\/index.php?rest_route=%2Fwp%2Fv2%2Fcategories&post=1295"},{"taxonomy":"post_tag","embeddable":true,"href":"https:\/\/faow.pl\/index.php?rest_route=%2Fwp%2Fv2%2Ftags&post=1295"}],"curies":[{"name":"wp","href":"https:\/\/api.w.org\/{rel}","templated":true}]}}